{"id":7460,"date":"2026-09-06T06:45:39","date_gmt":"2026-09-06T06:45:39","guid":{"rendered":"https:\/\/grundschule-abbehausen.com\/?p=7460"},"modified":"2026-09-06T06:45:40","modified_gmt":"2026-09-06T06:45:40","slug":"grundschule-abbehausen-packt-mit-an-gemeinsam-fuer-ein-sauberes-nordenham","status":"publish","type":"post","link":"https:\/\/grundschule-abbehausen.com\/?p=7460","title":{"rendered":"Grundschule Abbehausen packt mit an \u2013 gemeinsam f\u00fcr ein sauberes Nordenham!"},"content":{"rendered":"\n<p>Passend zur Aktion\u00a0<strong>\u201eNordenham r\u00e4umt auf!\u201c<\/strong>\u00a0waren auch die Sch\u00fclerinnen und Sch\u00fcler der\u00a0<strong>Grundschule Abbehausen<\/strong> flei\u00dfig unterwegs. Bereits am\u00a0<strong>Donnerstag, 3. September<\/strong>, machten sich die Kinder auf den Weg, um rund um das\u00a0<strong>Doppeldorf<\/strong>\u00a0M\u00fcll zu sammeln und die Umgebung von achtlos weggeworfenem Abfall zu befreien.<\/p>\n\n\n\n<figure class=\"wp-block-gallery has-nested-images columns-default is-cropped wp-block-gallery-1 is-layout-flex wp-block-gallery-is-layout-flex\">\n<figure class=\"wp-block-image size-large\"><img loading=\"lazy\" decoding=\"async\" width=\"1024\" height=\"768\" data-id=\"7467\" src=\"https:\/\/grundschule-abbehausen.com\/wp-content\/uploads\/2026\/09\/IMG_05E5B00DAFE6-6-2-1024x768.jpeg\" alt=\"\" class=\"wp-image-7467\" srcset=\"https:\/\/grundschule-abbehausen.com\/wp-content\/uploads\/2026\/09\/IMG_05E5B00DAFE6-6-2-1024x768.jpeg 1024w, https:\/\/grundschule-abbehausen.com\/wp-content\/uploads\/2026\/09\/IMG_05E5B00DAFE6-6-2-300x225.jpeg 300w, https:\/\/grundschule-abbehausen.com\/wp-content\/uploads\/2026\/09\/IMG_05E5B00DAFE6-6-2-768x576.jpeg 768w, https:\/\/grundschule-abbehausen.com\/wp-content\/uploads\/2026\/09\/IMG_05E5B00DAFE6-6-2-1536x1152.jpeg 1536w, https:\/\/grundschule-abbehausen.com\/wp-content\/uploads\/2026\/09\/IMG_05E5B00DAFE6-6-2-1440x1080.jpeg 1440w, https:\/\/grundschule-abbehausen.com\/wp-content\/uploads\/2026\/09\/IMG_05E5B00DAFE6-6-2.jpeg 2048w\" sizes=\"(max-width: 1024px) 100vw, 1024px\" \/><\/figure>\n\n\n\n<figure class=\"wp-block-image size-large\"><img loading=\"lazy\" decoding=\"async\" width=\"768\" height=\"1024\" data-id=\"7468\" src=\"https:\/\/grundschule-abbehausen.com\/wp-content\/uploads\/2026\/09\/IMG_05E5B00DAFE6-7-2-768x1024.jpeg\" alt=\"\" class=\"wp-image-7468\" srcset=\"https:\/\/grundschule-abbehausen.com\/wp-content\/uploads\/2026\/09\/IMG_05E5B00DAFE6-7-2-768x1024.jpeg 768w, https:\/\/grundschule-abbehausen.com\/wp-content\/uploads\/2026\/09\/IMG_05E5B00DAFE6-7-2-225x300.jpeg 225w, https:\/\/grundschule-abbehausen.com\/wp-content\/uploads\/2026\/09\/IMG_05E5B00DAFE6-7-2-1152x1536.jpeg 1152w, https:\/\/grundschule-abbehausen.com\/wp-content\/uploads\/2026\/09\/IMG_05E5B00DAFE6-7-2-810x1080.jpeg 810w, https:\/\/grundschule-abbehausen.com\/wp-content\/uploads\/2026\/09\/IMG_05E5B00DAFE6-7-2.jpeg 1536w\" sizes=\"(max-width: 768px) 100vw, 768px\" \/><\/figure>\n\n\n\n<figure class=\"wp-block-image size-large\"><img loading=\"lazy\" decoding=\"async\" width=\"1024\" height=\"768\" data-id=\"7464\" src=\"https:\/\/grundschule-abbehausen.com\/wp-content\/uploads\/2026\/09\/IMG_05E5B00DAFE6-8-2-1024x768.jpeg\" alt=\"\" class=\"wp-image-7464\" srcset=\"https:\/\/grundschule-abbehausen.com\/wp-content\/uploads\/2026\/09\/IMG_05E5B00DAFE6-8-2-1024x768.jpeg 1024w, https:\/\/grundschule-abbehausen.com\/wp-content\/uploads\/2026\/09\/IMG_05E5B00DAFE6-8-2-300x225.jpeg 300w, https:\/\/grundschule-abbehausen.com\/wp-content\/uploads\/2026\/09\/IMG_05E5B00DAFE6-8-2-768x576.jpeg 768w, https:\/\/grundschule-abbehausen.com\/wp-content\/uploads\/2026\/09\/IMG_05E5B00DAFE6-8-2-1536x1152.jpeg 1536w, https:\/\/grundschule-abbehausen.com\/wp-content\/uploads\/2026\/09\/IMG_05E5B00DAFE6-8-2-1440x1080.jpeg 1440w, https:\/\/grundschule-abbehausen.com\/wp-content\/uploads\/2026\/09\/IMG_05E5B00DAFE6-8-2.jpeg 1600w\" sizes=\"(max-width: 1024px) 100vw, 1024px\" \/><\/figure>\n\n\n\n<figure class=\"wp-block-image size-large\"><img loading=\"lazy\" decoding=\"async\" width=\"768\" height=\"1024\" data-id=\"7465\" src=\"https:\/\/grundschule-abbehausen.com\/wp-content\/uploads\/2026\/09\/IMG_05E5B00DAFE6-9-2-768x1024.jpeg\" alt=\"\" class=\"wp-image-7465\" srcset=\"https:\/\/grundschule-abbehausen.com\/wp-content\/uploads\/2026\/09\/IMG_05E5B00DAFE6-9-2-768x1024.jpeg 768w, https:\/\/grundschule-abbehausen.com\/wp-content\/uploads\/2026\/09\/IMG_05E5B00DAFE6-9-2-225x300.jpeg 225w, https:\/\/grundschule-abbehausen.com\/wp-content\/uploads\/2026\/09\/IMG_05E5B00DAFE6-9-2-1152x1536.jpeg 1152w, https:\/\/grundschule-abbehausen.com\/wp-content\/uploads\/2026\/09\/IMG_05E5B00DAFE6-9-2-810x1080.jpeg 810w, https:\/\/grundschule-abbehausen.com\/wp-content\/uploads\/2026\/09\/IMG_05E5B00DAFE6-9-2.jpeg 1536w\" sizes=\"(max-width: 768px) 100vw, 768px\" \/><\/figure>\n\n\n\n<figure class=\"wp-block-image size-large\"><img loading=\"lazy\" decoding=\"async\" width=\"1024\" height=\"768\" data-id=\"7466\" src=\"https:\/\/grundschule-abbehausen.com\/wp-content\/uploads\/2026\/09\/IMG_05E5B00DAFE6-10-2-1024x768.jpeg\" alt=\"\" class=\"wp-image-7466\" srcset=\"https:\/\/grundschule-abbehausen.com\/wp-content\/uploads\/2026\/09\/IMG_05E5B00DAFE6-10-2-1024x768.jpeg 1024w, https:\/\/grundschule-abbehausen.com\/wp-content\/uploads\/2026\/09\/IMG_05E5B00DAFE6-10-2-300x225.jpeg 300w, https:\/\/grundschule-abbehausen.com\/wp-content\/uploads\/2026\/09\/IMG_05E5B00DAFE6-10-2-768x576.jpeg 768w, https:\/\/grundschule-abbehausen.com\/wp-content\/uploads\/2026\/09\/IMG_05E5B00DAFE6-10-2-1536x1152.jpeg 1536w, https:\/\/grundschule-abbehausen.com\/wp-content\/uploads\/2026\/09\/IMG_05E5B00DAFE6-10-2-1440x1080.jpeg 1440w, https:\/\/grundschule-abbehausen.com\/wp-content\/uploads\/2026\/09\/IMG_05E5B00DAFE6-10-2.jpeg 2048w\" sizes=\"(max-width: 1024px) 100vw, 1024px\" \/><\/figure>\n<\/figure>\n\n\n\n<p>Mit Handschuhen, M\u00fclls\u00e4cken und jeder Menge Tatendrang wurde gemeinsam angepackt. Dabei ging es nicht nur darum, Abfall einzusammeln: Die Aktion zeigt den Kindern ganz praktisch, wie wichtig ein verantwortungsvoller Umgang mit unserer Umwelt ist. <\/p>\n\n\n\n<figure class=\"wp-block-gallery has-nested-images columns-default is-cropped wp-block-gallery-2 is-layout-flex wp-block-gallery-is-layout-flex\">\n<figure class=\"wp-block-image size-large\"><img loading=\"lazy\" decoding=\"async\" width=\"1024\" height=\"768\" data-id=\"7470\" src=\"https:\/\/grundschule-abbehausen.com\/wp-content\/uploads\/2026\/09\/IMG_05E5B00DAFE6-1-2.jpeg\" alt=\"\" class=\"wp-image-7470\" srcset=\"https:\/\/grundschule-abbehausen.com\/wp-content\/uploads\/2026\/09\/IMG_05E5B00DAFE6-1-2.jpeg 1024w, https:\/\/grundschule-abbehausen.com\/wp-content\/uploads\/2026\/09\/IMG_05E5B00DAFE6-1-2-300x225.jpeg 300w, https:\/\/grundschule-abbehausen.com\/wp-content\/uploads\/2026\/09\/IMG_05E5B00DAFE6-1-2-768x576.jpeg 768w\" sizes=\"(max-width: 1024px) 100vw, 1024px\" \/><\/figure>\n\n\n\n<figure class=\"wp-block-image size-large\"><img loading=\"lazy\" decoding=\"async\" width=\"1024\" height=\"768\" data-id=\"7471\" src=\"https:\/\/grundschule-abbehausen.com\/wp-content\/uploads\/2026\/09\/IMG_05E5B00DAFE6-2-2-1024x768.jpeg\" alt=\"\" class=\"wp-image-7471\" srcset=\"https:\/\/grundschule-abbehausen.com\/wp-content\/uploads\/2026\/09\/IMG_05E5B00DAFE6-2-2-1024x768.jpeg 1024w, https:\/\/grundschule-abbehausen.com\/wp-content\/uploads\/2026\/09\/IMG_05E5B00DAFE6-2-2-300x225.jpeg 300w, https:\/\/grundschule-abbehausen.com\/wp-content\/uploads\/2026\/09\/IMG_05E5B00DAFE6-2-2-768x576.jpeg 768w, https:\/\/grundschule-abbehausen.com\/wp-content\/uploads\/2026\/09\/IMG_05E5B00DAFE6-2-2-1536x1152.jpeg 1536w, https:\/\/grundschule-abbehausen.com\/wp-content\/uploads\/2026\/09\/IMG_05E5B00DAFE6-2-2-1440x1080.jpeg 1440w, https:\/\/grundschule-abbehausen.com\/wp-content\/uploads\/2026\/09\/IMG_05E5B00DAFE6-2-2.jpeg 1600w\" sizes=\"(max-width: 1024px) 100vw, 1024px\" \/><\/figure>\n\n\n\n<figure class=\"wp-block-image size-large\"><img loading=\"lazy\" decoding=\"async\" width=\"768\" height=\"1024\" data-id=\"7472\" src=\"https:\/\/grundschule-abbehausen.com\/wp-content\/uploads\/2026\/09\/IMG_05E5B00DAFE6-3-2-768x1024.jpeg\" alt=\"\" class=\"wp-image-7472\" srcset=\"https:\/\/grundschule-abbehausen.com\/wp-content\/uploads\/2026\/09\/IMG_05E5B00DAFE6-3-2-768x1024.jpeg 768w, https:\/\/grundschule-abbehausen.com\/wp-content\/uploads\/2026\/09\/IMG_05E5B00DAFE6-3-2-225x300.jpeg 225w, https:\/\/grundschule-abbehausen.com\/wp-content\/uploads\/2026\/09\/IMG_05E5B00DAFE6-3-2-1152x1536.jpeg 1152w, https:\/\/grundschule-abbehausen.com\/wp-content\/uploads\/2026\/09\/IMG_05E5B00DAFE6-3-2-810x1080.jpeg 810w, https:\/\/grundschule-abbehausen.com\/wp-content\/uploads\/2026\/09\/IMG_05E5B00DAFE6-3-2.jpeg 1536w\" sizes=\"(max-width: 768px) 100vw, 768px\" \/><\/figure>\n\n\n\n<figure class=\"wp-block-image size-large\"><img loading=\"lazy\" decoding=\"async\" width=\"1024\" height=\"768\" data-id=\"7473\" src=\"https:\/\/grundschule-abbehausen.com\/wp-content\/uploads\/2026\/09\/IMG_05E5B00DAFE6-4-2-1024x768.jpeg\" alt=\"\" class=\"wp-image-7473\" srcset=\"https:\/\/grundschule-abbehausen.com\/wp-content\/uploads\/2026\/09\/IMG_05E5B00DAFE6-4-2-1024x768.jpeg 1024w, https:\/\/grundschule-abbehausen.com\/wp-content\/uploads\/2026\/09\/IMG_05E5B00DAFE6-4-2-300x225.jpeg 300w, https:\/\/grundschule-abbehausen.com\/wp-content\/uploads\/2026\/09\/IMG_05E5B00DAFE6-4-2-768x576.jpeg 768w, https:\/\/grundschule-abbehausen.com\/wp-content\/uploads\/2026\/09\/IMG_05E5B00DAFE6-4-2-1536x1152.jpeg 1536w, https:\/\/grundschule-abbehausen.com\/wp-content\/uploads\/2026\/09\/IMG_05E5B00DAFE6-4-2-1440x1080.jpeg 1440w, https:\/\/grundschule-abbehausen.com\/wp-content\/uploads\/2026\/09\/IMG_05E5B00DAFE6-4-2.jpeg 2048w\" sizes=\"(max-width: 1024px) 100vw, 1024px\" \/><\/figure>\n<\/figure>\n\n\n\n<p>Ein toller Einsatz f\u00fcr ein sauberes Nordenham \u2013 und ein sch\u00f6nes Beispiel daf\u00fcr, dass Umweltschutz schon bei den J\u00fcngsten beginnt. <\/p>\n\n\n<figure class=\"wp-block-post-featured-image\"><img loading=\"lazy\" decoding=\"async\" width=\"1600\" height=\"1200\" src=\"https:\/\/grundschule-abbehausen.com\/wp-content\/uploads\/2026\/09\/34ecc06d-f523-41e6-8e9d-b6914f5f4520-1.jpg\" class=\"attachment-post-thumbnail size-post-thumbnail wp-post-image\" alt=\"\" style=\"object-fit:cover;\" srcset=\"https:\/\/grundschule-abbehausen.com\/wp-content\/uploads\/2026\/09\/34ecc06d-f523-41e6-8e9d-b6914f5f4520-1.jpg 1600w, https:\/\/grundschule-abbehausen.com\/wp-content\/uploads\/2026\/09\/34ecc06d-f523-41e6-8e9d-b6914f5f4520-1-300x225.jpg 300w, https:\/\/grundschule-abbehausen.com\/wp-content\/uploads\/2026\/09\/34ecc06d-f523-41e6-8e9d-b6914f5f4520-1-1024x768.jpg 1024w, https:\/\/grundschule-abbehausen.com\/wp-content\/uploads\/2026\/09\/34ecc06d-f523-41e6-8e9d-b6914f5f4520-1-768x576.jpg 768w, https:\/\/grundschule-abbehausen.com\/wp-content\/uploads\/2026\/09\/34ecc06d-f523-41e6-8e9d-b6914f5f4520-1-1536x1152.jpg 1536w, https:\/\/grundschule-abbehausen.com\/wp-content\/uploads\/2026\/09\/34ecc06d-f523-41e6-8e9d-b6914f5f4520-1-1440x1080.jpg 1440w\" sizes=\"(max-width: 1600px) 100vw, 1600px\" \/><\/figure>\n\n\n<p>#NordenhamR\u00e4umtAuf #GrundschuleAbbehausen #Nordenham #GemeinsamF\u00fcrNordenham #Umweltschutz #M\u00fcllsammelaktion<\/p>\n","protected":false},"excerpt":{"rendered":"<p>Passend zur Aktion\u00a0\u201eNordenham r\u00e4umt auf!\u201c\u00a0waren auch die Sch\u00fclerinnen und Sch\u00fcler der\u00a0Grundschule Abbehausen flei\u00dfig unterwegs. Bereits am\u00a0Donnerstag, 3. September, machten sich die Kinder auf den Weg, um rund um das\u00a0Doppeldorf\u00a0M\u00fcll zu [&hellip;]<\/p>\n","protected":false},"author":1,"featured_media":7474,"comment_status":"open","ping_status":"open","sticky":false,"template":"","format":"standard","meta":{"saved_in_kubio":false,"footnotes":""},"categories":[1],"tags":[],"class_list":["post-7460","post","type-post","status-publish","format-standard","has-post-thumbnail","hentry","category-uncategorized"],"_links":{"self":[{"href":"https:\/\/grundschule-abbehausen.com\/index.php?rest_route=\/wp\/v2\/posts\/7460","targetHints":{"allow":["GET"]}}],"collection":[{"href":"https:\/\/grundschule-abbehausen.com\/index.php?rest_route=\/wp\/v2\/posts"}],"about":[{"href":"https:\/\/grundschule-abbehausen.com\/index.php?rest_route=\/wp\/v2\/types\/post"}],"author":[{"embeddable":true,"href":"https:\/\/grundschule-abbehausen.com\/index.php?rest_route=\/wp\/v2\/users\/1"}],"replies":[{"embeddable":true,"href":"https:\/\/grundschule-abbehausen.com\/index.php?rest_route=%2Fwp%2Fv2%2Fcomments&post=7460"}],"version-history":[{"count":1,"href":"https:\/\/grundschule-abbehausen.com\/index.php?rest_route=\/wp\/v2\/posts\/7460\/revisions"}],"predecessor-version":[{"id":7475,"href":"https:\/\/grundschule-abbehausen.com\/index.php?rest_route=\/wp\/v2\/posts\/7460\/revisions\/7475"}],"wp:featuredmedia":[{"embeddable":true,"href":"https:\/\/grundschule-abbehausen.com\/index.php?rest_route=\/wp\/v2\/media\/7474"}],"wp:attachment":[{"href":"https:\/\/grundschule-abbehausen.com\/index.php?rest_route=%2Fwp%2Fv2%2Fmedia&parent=7460"}],"wp:term":[{"taxonomy":"category","embeddable":true,"href":"https:\/\/grundschule-abbehausen.com\/index.php?rest_route=%2Fwp%2Fv2%2Fcategories&post=7460"},{"taxonomy":"post_tag","embeddable":true,"href":"https:\/\/grundschule-abbehausen.com\/index.php?rest_route=%2Fwp%2Fv2%2Ftags&post=7460"}],"curies":[{"name":"wp","href":"https:\/\/api.w.org\/{rel}","templated":true}]}}