{"id":4117,"date":"2024-08-02T10:06:36","date_gmt":"2024-08-02T10:06:36","guid":{"rendered":"https:\/\/grundschule-abbehausen.com\/?p=4117"},"modified":"2024-08-02T10:06:37","modified_gmt":"2024-08-02T10:06:37","slug":"informationen-zum-schulstart","status":"publish","type":"post","link":"https:\/\/grundschule-abbehausen.com\/?p=4117","title":{"rendered":"Informationen zum Schulstart"},"content":{"rendered":"\n<p>Liebe Eltern,<\/p>\n\n\n\n<p>am kommende Montag, den 05.08.2024 beginnt das neue Schuljahr und wir m\u00f6chten Sie daran erinnern, dass bis einschlie\u00dflich zum Freitag, den 16.08.2024 f\u00fcr alle Sch\u00fcler die einheitliche Abholzeit um 13:15 Uhr gilt. Busse und Taxen fahren nur zu dieser Uhrzeit.<\/p>\n\n\n\n<p>Der Ganztag wird ab Montag, den 19.08.2024 angeboten. Hier weisen wir Sie noch einmal darauf hin, dass die Frist zur Anmeldung f\u00fcr den Ganztag am 11.08.2024 abl\u00e4uft.<\/p>\n\n\n\n<p>Sp\u00e4tere Anmeldung k\u00f6nnen dann erst wieder nach den Herbstferien vorgenommen werden. Das Mittagessen startet direkt mit Schuljahresbeginn am 05.08.2024. Die Bestellfrist f\u00fcr die erste Woche wurde auf Sonntag, den 04.08.2024 verl\u00e4ngert. Nachbestellung f\u00fcr die erste Woche k\u00f6nnen aus organisatorischen Gr\u00fcnden am Montag nicht mehr vorgenommen werden.<\/p>\n\n\n\n<p>Bitte beachten Sie, dass f\u00fcr den ersten Schultag nach den Ferien eine Attestpflicht besteht. Eine normale Krankmeldung ist nicht ausreichend.<\/p>\n","protected":false},"excerpt":{"rendered":"<p>Liebe Eltern, am kommende Montag, den 05.08.2024 beginnt das neue Schuljahr und wir m\u00f6chten Sie daran erinnern, dass bis einschlie\u00dflich zum Freitag, den 16.08.2024 f\u00fcr alle Sch\u00fcler die einheitliche Abholzeit [&hellip;]<\/p>\n","protected":false},"author":1,"featured_media":0,"comment_status":"closed","ping_status":"closed","sticky":false,"template":"","format":"standard","meta":{"saved_in_kubio":false,"footnotes":""},"categories":[1],"tags":[],"class_list":["post-4117","post","type-post","status-publish","format-standard","hentry","category-uncategorized"],"_links":{"self":[{"href":"https:\/\/grundschule-abbehausen.com\/index.php?rest_route=\/wp\/v2\/posts\/4117","targetHints":{"allow":["GET"]}}],"collection":[{"href":"https:\/\/grundschule-abbehausen.com\/index.php?rest_route=\/wp\/v2\/posts"}],"about":[{"href":"https:\/\/grundschule-abbehausen.com\/index.php?rest_route=\/wp\/v2\/types\/post"}],"author":[{"embeddable":true,"href":"https:\/\/grundschule-abbehausen.com\/index.php?rest_route=\/wp\/v2\/users\/1"}],"replies":[{"embeddable":true,"href":"https:\/\/grundschule-abbehausen.com\/index.php?rest_route=%2Fwp%2Fv2%2Fcomments&post=4117"}],"version-history":[{"count":1,"href":"https:\/\/grundschule-abbehausen.com\/index.php?rest_route=\/wp\/v2\/posts\/4117\/revisions"}],"predecessor-version":[{"id":4118,"href":"https:\/\/grundschule-abbehausen.com\/index.php?rest_route=\/wp\/v2\/posts\/4117\/revisions\/4118"}],"wp:attachment":[{"href":"https:\/\/grundschule-abbehausen.com\/index.php?rest_route=%2Fwp%2Fv2%2Fmedia&parent=4117"}],"wp:term":[{"taxonomy":"category","embeddable":true,"href":"https:\/\/grundschule-abbehausen.com\/index.php?rest_route=%2Fwp%2Fv2%2Fcategories&post=4117"},{"taxonomy":"post_tag","embeddable":true,"href":"https:\/\/grundschule-abbehausen.com\/index.php?rest_route=%2Fwp%2Fv2%2Ftags&post=4117"}],"curies":[{"name":"wp","href":"https:\/\/api.w.org\/{rel}","templated":true}]}}