{"id":270,"date":"2019-02-28T09:33:53","date_gmt":"2019-02-28T09:33:53","guid":{"rendered":"http:\/\/grundschule-abbehausen.com\/?p=270"},"modified":"2019-02-28T09:33:53","modified_gmt":"2019-02-28T09:33:53","slug":"fasching-2019","status":"publish","type":"post","link":"https:\/\/grundschule-abbehausen.com\/?p=270","title":{"rendered":"Fasching 2019"},"content":{"rendered":"\n<p><strong>Am 4.03.2019 findet unsere Faschingsfeier statt! Kost\u00fcme sind nat\u00fcrlich erw\u00fcnscht und auch ein Buffet ist geplant! Weitere Infos zur Feier finden sie hier:<\/strong><\/p>\n\n\n\n<div class=\"wp-block-file alignright\"><a href=\"https:\/\/grundschule-abbehausen.com\/wp-content\/uploads\/2019\/02\/Fasching-2019-1.pdf\">Fasching 2019<\/a><a href=\"https:\/\/grundschule-abbehausen.com\/wp-content\/uploads\/2019\/02\/Fasching-2019-1.pdf\" class=\"wp-block-file__button\" download>Herunterladen<\/a><\/div>\n\n\n\n<p><\/p>\n","protected":false},"excerpt":{"rendered":"<p>Am 4.03.2019 findet unsere Faschingsfeier statt! Kost\u00fcme sind nat\u00fcrlich erw\u00fcnscht und auch ein Buffet ist geplant! Weitere Infos zur Feier finden sie hier:<\/p>\n","protected":false},"author":1,"featured_media":0,"comment_status":"closed","ping_status":"closed","sticky":false,"template":"","format":"standard","meta":{"saved_in_kubio":false,"footnotes":""},"categories":[1],"tags":[],"class_list":["post-270","post","type-post","status-publish","format-standard","hentry","category-uncategorized"],"_links":{"self":[{"href":"https:\/\/grundschule-abbehausen.com\/index.php?rest_route=\/wp\/v2\/posts\/270","targetHints":{"allow":["GET"]}}],"collection":[{"href":"https:\/\/grundschule-abbehausen.com\/index.php?rest_route=\/wp\/v2\/posts"}],"about":[{"href":"https:\/\/grundschule-abbehausen.com\/index.php?rest_route=\/wp\/v2\/types\/post"}],"author":[{"embeddable":true,"href":"https:\/\/grundschule-abbehausen.com\/index.php?rest_route=\/wp\/v2\/users\/1"}],"replies":[{"embeddable":true,"href":"https:\/\/grundschule-abbehausen.com\/index.php?rest_route=%2Fwp%2Fv2%2Fcomments&post=270"}],"version-history":[{"count":1,"href":"https:\/\/grundschule-abbehausen.com\/index.php?rest_route=\/wp\/v2\/posts\/270\/revisions"}],"predecessor-version":[{"id":272,"href":"https:\/\/grundschule-abbehausen.com\/index.php?rest_route=\/wp\/v2\/posts\/270\/revisions\/272"}],"wp:attachment":[{"href":"https:\/\/grundschule-abbehausen.com\/index.php?rest_route=%2Fwp%2Fv2%2Fmedia&parent=270"}],"wp:term":[{"taxonomy":"category","embeddable":true,"href":"https:\/\/grundschule-abbehausen.com\/index.php?rest_route=%2Fwp%2Fv2%2Fcategories&post=270"},{"taxonomy":"post_tag","embeddable":true,"href":"https:\/\/grundschule-abbehausen.com\/index.php?rest_route=%2Fwp%2Fv2%2Ftags&post=270"}],"curies":[{"name":"wp","href":"https:\/\/api.w.org\/{rel}","templated":true}]}}